{"id":1087,"date":"2026-05-01T07:54:19","date_gmt":"2026-05-01T05:54:19","guid":{"rendered":"https:\/\/hist4dem.de\/?p=1087"},"modified":"2026-05-01T07:54:19","modified_gmt":"2026-05-01T05:54:19","slug":"fake-history-geschichtsmythen-unter-der-lupe-21-mai-15-juni-2026-in-vier-thueringer-staedten","status":"publish","type":"post","link":"https:\/\/hist4dem.de\/es\/fake-history-geschichtsmythen-unter-der-lupe-21-mai-15-juni-2026-in-vier-thueringer-staedten\/","title":{"rendered":"\"Fake History? Geschichtsmythen unter der Lupe\"\u00a0| 21. Mai-15. Juni 2026, in vier Th\u00fcringer St\u00e4dten"},"content":{"rendered":"<p style=\"text-align: center;\"><a href=\"https:\/\/www.geschichte-statt-mythen.de\/veranstaltungen\/mythen_veranstaltungsreihe_fake_history\">https:\/\/www.geschichte-statt-mythen.de\/veranstaltungen\/mythen_veranstaltungsreihe_fake_history<\/a><\/p>\n<p>&nbsp;<\/p>\n<p><span data-olk-copy-source=\"MessageBody\">Die Veranstaltungsreihe widmet sich an vier Orten je einem Geschichtsmythos mit lokalem Bezug, der von Akteur:innen der Neuen Rechten genutzt wird, um aus der Vergangenheit vermeintliche Legitimation f\u00fcr ihre heutige politische Agenda zu gewinnen. Die Veranstaltungen finden bewusst in Orten jenseits der Th\u00fcringer Universit\u00e4tsst\u00e4dte statt, um insbesondere mit dem au\u00dferakademischen Publikum ins Gespr\u00e4ch zu kommen. Die Reihe wird gemeinsam von hist4dem, Geschichte statt Mythen und der Landeszentrale f\u00fcr politische Bildung Th\u00fcringen veranstaltet. Einzelne Veranstaltungen k\u00f6nnen auch per Livestream digital besucht werden.<\/span><\/p>\n","protected":false},"excerpt":{"rendered":"<p>https:\/\/www.geschichte-statt-mythen.de\/veranstaltungen\/mythen_veranstaltungsreihe_fake_history &nbsp; Die Veranstaltungsreihe widmet sich an vier Orten je einem Geschichtsmythos mit lokalem Bezug, der von Akteur:innen der Neuen Rechten genutzt wird, um aus der Vergangenheit vermeintliche Legitimation f\u00fcr ihre heutige politische Agenda zu gewinnen. Die Veranstaltungen finden bewusst in Orten jenseits der Th\u00fcringer Universit\u00e4tsst\u00e4dte statt, um insbesondere mit dem au\u00dferakademischen Publikum ins Gespr\u00e4ch [&hellip;]<\/p>\n","protected":false},"author":3,"featured_media":0,"comment_status":"closed","ping_status":"open","sticky":false,"template":"","format":"standard","meta":{"footnotes":""},"categories":[12,11,36,40],"tags":[],"class_list":["post-1087","post","type-post","status-publish","format-standard","hentry","category-aktionen","category-aktuelles","category-buendnisse","category-geschichtsmythen"],"_links":{"self":[{"href":"https:\/\/hist4dem.de\/es\/wp-json\/wp\/v2\/posts\/1087","targetHints":{"allow":["GET"]}}],"collection":[{"href":"https:\/\/hist4dem.de\/es\/wp-json\/wp\/v2\/posts"}],"about":[{"href":"https:\/\/hist4dem.de\/es\/wp-json\/wp\/v2\/types\/post"}],"author":[{"embeddable":true,"href":"https:\/\/hist4dem.de\/es\/wp-json\/wp\/v2\/users\/3"}],"replies":[{"embeddable":true,"href":"https:\/\/hist4dem.de\/es\/wp-json\/wp\/v2\/comments?post=1087"}],"version-history":[{"count":1,"href":"https:\/\/hist4dem.de\/es\/wp-json\/wp\/v2\/posts\/1087\/revisions"}],"predecessor-version":[{"id":1088,"href":"https:\/\/hist4dem.de\/es\/wp-json\/wp\/v2\/posts\/1087\/revisions\/1088"}],"wp:attachment":[{"href":"https:\/\/hist4dem.de\/es\/wp-json\/wp\/v2\/media?parent=1087"}],"wp:term":[{"taxonomy":"category","embeddable":true,"href":"https:\/\/hist4dem.de\/es\/wp-json\/wp\/v2\/categories?post=1087"},{"taxonomy":"post_tag","embeddable":true,"href":"https:\/\/hist4dem.de\/es\/wp-json\/wp\/v2\/tags?post=1087"}],"curies":[{"name":"wp","href":"https:\/\/api.w.org\/{rel}","templated":true}]}}