{"id":1081,"date":"2026-05-01T07:45:14","date_gmt":"2026-05-01T05:45:14","guid":{"rendered":"https:\/\/hist4dem.de\/?p=1081"},"modified":"2026-05-01T07:45:14","modified_gmt":"2026-05-01T05:45:14","slug":"ausstellung-thueringen-land-der-offenen-heimaten-5-28-mai-2026-erfurt","status":"publish","type":"post","link":"https:\/\/hist4dem.de\/es\/ausstellung-thueringen-land-der-offenen-heimaten-5-28-mai-2026-erfurt\/","title":{"rendered":"Ausstellung \"Th\u00fcringen \u2013 Land der offenen Heimaten\"\u00a0| 5.-28. Mai 2026, Erfurt"},"content":{"rendered":"<p><span data-olk-copy-source=\"MessageBody\">Kultur und Landschaft, Brauch und Tracht, Musik und Theater, Handwerk und Industrie \u2013 Th\u00fcringen hat seit Jahrhunderten von kulturellen Einfl\u00fcssen und Zugewanderten aus aller Herren L\u00e4nder profitiert. Heimat war daher nie ein homogenes, abgeschlossenes System einer eng definierten Gruppe \u201eimmer schon Dagewesener\u201c. Und auch in Zukunft wird Th\u00fcringen nur lebenswert, attraktiv und produktiv bleiben, wenn sich das Land offen zeigt f\u00fcr ausw\u00e4rtige Einfl\u00fcsse, Ideen und Menschen. Die vom Heimatbund Th\u00fcringen e.V. in Kooperation mit der Offenen Arbeit Erfurt und hist4dem pr\u00e4sentierte Ausstellung gew\u00e4hrt vielf\u00e4ltige Einblicke in die Geschichte und Gegenwart eines weltoffenen Heimatverst\u00e4ndnisses.<\/span><\/p>\n<p><a href=\"https:\/\/offenearbeiterfurt.de\/ausstellung-in-der-michaeliskirche\/\">https:\/\/offenearbeiterfurt.de\/ausstellung-in-der-michaeliskirche\/<\/a><\/p>\n","protected":false},"excerpt":{"rendered":"<p>Kultur und Landschaft, Brauch und Tracht, Musik und Theater, Handwerk und Industrie \u2013 Th\u00fcringen hat seit Jahrhunderten von kulturellen Einfl\u00fcssen und Zugewanderten aus aller Herren L\u00e4nder profitiert. Heimat war daher nie ein homogenes, abgeschlossenes System einer eng definierten Gruppe \u201eimmer schon Dagewesener\u201c. Und auch in Zukunft wird Th\u00fcringen nur lebenswert, attraktiv und produktiv bleiben, wenn [&hellip;]<\/p>\n","protected":false},"author":3,"featured_media":0,"comment_status":"closed","ping_status":"open","sticky":false,"template":"","format":"standard","meta":{"footnotes":""},"categories":[12,11,36],"tags":[],"class_list":["post-1081","post","type-post","status-publish","format-standard","hentry","category-aktionen","category-aktuelles","category-buendnisse"],"_links":{"self":[{"href":"https:\/\/hist4dem.de\/es\/wp-json\/wp\/v2\/posts\/1081","targetHints":{"allow":["GET"]}}],"collection":[{"href":"https:\/\/hist4dem.de\/es\/wp-json\/wp\/v2\/posts"}],"about":[{"href":"https:\/\/hist4dem.de\/es\/wp-json\/wp\/v2\/types\/post"}],"author":[{"embeddable":true,"href":"https:\/\/hist4dem.de\/es\/wp-json\/wp\/v2\/users\/3"}],"replies":[{"embeddable":true,"href":"https:\/\/hist4dem.de\/es\/wp-json\/wp\/v2\/comments?post=1081"}],"version-history":[{"count":1,"href":"https:\/\/hist4dem.de\/es\/wp-json\/wp\/v2\/posts\/1081\/revisions"}],"predecessor-version":[{"id":1082,"href":"https:\/\/hist4dem.de\/es\/wp-json\/wp\/v2\/posts\/1081\/revisions\/1082"}],"wp:attachment":[{"href":"https:\/\/hist4dem.de\/es\/wp-json\/wp\/v2\/media?parent=1081"}],"wp:term":[{"taxonomy":"category","embeddable":true,"href":"https:\/\/hist4dem.de\/es\/wp-json\/wp\/v2\/categories?post=1081"},{"taxonomy":"post_tag","embeddable":true,"href":"https:\/\/hist4dem.de\/es\/wp-json\/wp\/v2\/tags?post=1081"}],"curies":[{"name":"wp","href":"https:\/\/api.w.org\/{rel}","templated":true}]}}