{"id":1079,"date":"2026-05-01T07:42:13","date_gmt":"2026-05-01T05:42:13","guid":{"rendered":"https:\/\/hist4dem.de\/?p=1079"},"modified":"2026-05-01T07:42:13","modified_gmt":"2026-05-01T05:42:13","slug":"geschichtsmythen-auf-dem-pruefstand","status":"publish","type":"post","link":"https:\/\/hist4dem.de\/es\/geschichtsmythen-auf-dem-pruefstand\/","title":{"rendered":"Geschichtsmythen auf dem Pr\u00fcfstand"},"content":{"rendered":"<p><span data-olk-copy-source=\"MessageBody\">Geschichtsmythen begegnen uns sowohl im Alltag als auch im politischen Diskurs \u2013 h\u00e4ufig mit gro\u00dfer Wirkung. Besonders in aktuellen Debatten werden sie gezielt genutzt, um rechte und rechtsextreme Positionen zu st\u00fctzen und als vermeintliche \u201ehistorische Wahrheiten\u00bb darzustellen.\u00a0Die Vortragsreihe \u201eGeschichtsmythen auf dem Pr\u00fcfstand\u00bb, organisiert von Historians for Democracy, setzt diesen vereinfachenden und instrumentalisierenden Deutungen eine differenzierte, wissenschaftlich fundierte Perspektive entgegen. Ziel ist es, die Entstehung, Funktion und Wirkung solcher Mythen kritisch zu beleuchten und historische Komplexit\u00e4t sichtbar zu machen.\u00a0Anhand konkreter Beispiele \u2013 etwa zu Sklaverei, \u201eRasse\u00bb, Wikingern oder Germanen \u2013 zeigen die Beitr\u00e4ge, wie Geschichte vereinfacht, verzerrt und politisch genutzt wird, und er\u00f6ffnen zugleich Raum f\u00fcr Diskussion und kritische Reflexion.<\/span><\/p>\n<p><a href=\"https:\/\/www.hsozkult.de\/event\/id\/event-161302\">https:\/\/www.hsozkult.de\/event\/id\/event-161302<\/a><\/p>\n","protected":false},"excerpt":{"rendered":"<p>Geschichtsmythen begegnen uns sowohl im Alltag als auch im politischen Diskurs \u2013 h\u00e4ufig mit gro\u00dfer Wirkung. Besonders in aktuellen Debatten werden sie gezielt genutzt, um rechte und rechtsextreme Positionen zu st\u00fctzen und als vermeintliche \u201ehistorische Wahrheiten\u00bb darzustellen.\u00a0Die Vortragsreihe \u201eGeschichtsmythen auf dem Pr\u00fcfstand\u00bb, organisiert von Historians for Democracy, setzt diesen vereinfachenden und instrumentalisierenden Deutungen eine differenzierte, [&hellip;]<\/p>\n","protected":false},"author":3,"featured_media":0,"comment_status":"closed","ping_status":"open","sticky":false,"template":"","format":"standard","meta":{"footnotes":""},"categories":[12,11,36,40],"tags":[],"class_list":["post-1079","post","type-post","status-publish","format-standard","hentry","category-aktionen","category-aktuelles","category-buendnisse","category-geschichtsmythen"],"_links":{"self":[{"href":"https:\/\/hist4dem.de\/es\/wp-json\/wp\/v2\/posts\/1079","targetHints":{"allow":["GET"]}}],"collection":[{"href":"https:\/\/hist4dem.de\/es\/wp-json\/wp\/v2\/posts"}],"about":[{"href":"https:\/\/hist4dem.de\/es\/wp-json\/wp\/v2\/types\/post"}],"author":[{"embeddable":true,"href":"https:\/\/hist4dem.de\/es\/wp-json\/wp\/v2\/users\/3"}],"replies":[{"embeddable":true,"href":"https:\/\/hist4dem.de\/es\/wp-json\/wp\/v2\/comments?post=1079"}],"version-history":[{"count":1,"href":"https:\/\/hist4dem.de\/es\/wp-json\/wp\/v2\/posts\/1079\/revisions"}],"predecessor-version":[{"id":1080,"href":"https:\/\/hist4dem.de\/es\/wp-json\/wp\/v2\/posts\/1079\/revisions\/1080"}],"wp:attachment":[{"href":"https:\/\/hist4dem.de\/es\/wp-json\/wp\/v2\/media?parent=1079"}],"wp:term":[{"taxonomy":"category","embeddable":true,"href":"https:\/\/hist4dem.de\/es\/wp-json\/wp\/v2\/categories?post=1079"},{"taxonomy":"post_tag","embeddable":true,"href":"https:\/\/hist4dem.de\/es\/wp-json\/wp\/v2\/tags?post=1079"}],"curies":[{"name":"wp","href":"https:\/\/api.w.org\/{rel}","templated":true}]}}