{"id":1093,"date":"2026-05-01T08:00:21","date_gmt":"2026-05-01T06:00:21","guid":{"rendered":"https:\/\/hist4dem.de\/?p=1093"},"modified":"2026-05-01T08:01:13","modified_gmt":"2026-05-01T06:01:13","slug":"jahrestagung-deutscher-ethikrat-17-juni-2026-weimar","status":"publish","type":"post","link":"https:\/\/hist4dem.de\/en\/jahrestagung-deutscher-ethikrat-17-juni-2026-weimar\/","title":{"rendered":"Jahrestagung Deutscher Ethikrat | 17. Juni 2026, Weimar"},"content":{"rendered":"<p><b><span data-olk-copy-source=\"MessageBody\">Demokratie sch\u00fctzen \u2013 Demokratie st\u00e4rken<\/span><\/b><b><\/b><\/p>\n<p>Freiheit, Gleichberechtigung und Partizipation: Demokratie pr\u00e4gt, wie wir leben, welchen Zugang wir zu Bildung haben und welche M\u00f6glichkeiten der politischen und gesellschaftlichen Teilhabe bestehen. Gleichzeitig scheint sie vielerorts in die Defensive geraten zu sein. Politische R\u00e4nder, die das demokratische Modell grunds\u00e4tzlich infrage stellen, erstarken. Demokratien stehen weltweit zunehmend unter Druck \u2013 auch die deutsche Demokratie. Gezielte Versuche der Einflussnahme von au\u00dfen spielen dabei ebenso eine Rolle wie innere Bedrohungen durch gesellschaftliche Polarisierung und den Vertrauensverlust in demokratische Institutionen und Verfahren. Vor diesem Hintergrund stellt sich mit neuer Dringlichkeit die Frage: Was k\u00f6nnen wir tun, um unsere Demokratie zu bewahren? Auf seiner Jahrestagung am 17.\u00a0Juni 2026 in Weimar unter dem Titel \u201eDemokratie sch\u00fctzen \u2013 Demokratie st\u00e4rken\u201c fragt der Deutsche Ethikrat nach den Voraussetzungen und normativen Grundlagen einer gelingenden Demokratie. Ort und Datum verdichten dabei bereits historische Erfahrungen der Demokratiegeschichte: Der 17.\u00a0Juni verweist auf den Volksaufstand in der ehemaligen DDR und die deutsche Einheit, Weimar auf den Beginn parlamentarischer Demokratie in Deutschland ebenso wie auf ihr Scheitern. Beides, Ort und Datum, markieren die Ambivalenz und Verletzlichkeit demokratischer Ordnungen.<\/p>\n<p style=\"text-align: center;\"><a href=\"https:\/\/www.ethikrat.org\/veranstaltungen\/tagungen\/demokratie-schuetzen-demokratie-staerken\/\">https:\/\/www.ethikrat.org\/veranstaltungen\/tagungen\/demokratie-schuetzen-demokratie-staerken\/<\/a><\/p>\n","protected":false},"excerpt":{"rendered":"<p>Demokratie sch\u00fctzen \u2013 Demokratie st\u00e4rken Freiheit, Gleichberechtigung und Partizipation: Demokratie pr\u00e4gt, wie wir leben, welchen Zugang wir zu Bildung haben und welche M\u00f6glichkeiten der politischen und gesellschaftlichen Teilhabe bestehen. Gleichzeitig scheint sie vielerorts in die Defensive geraten zu sein. Politische R\u00e4nder, die das demokratische Modell grunds\u00e4tzlich infrage stellen, erstarken. Demokratien stehen weltweit zunehmend unter Druck [&hellip;]<\/p>\n","protected":false},"author":3,"featured_media":0,"comment_status":"closed","ping_status":"open","sticky":false,"template":"","format":"standard","meta":{"footnotes":""},"categories":[12,11,36,44],"tags":[],"class_list":["post-1093","post","type-post","status-publish","format-standard","hentry","category-aktionen","category-aktuelles","category-buendnisse","category-demokratie-staerken"],"_links":{"self":[{"href":"https:\/\/hist4dem.de\/en\/wp-json\/wp\/v2\/posts\/1093","targetHints":{"allow":["GET"]}}],"collection":[{"href":"https:\/\/hist4dem.de\/en\/wp-json\/wp\/v2\/posts"}],"about":[{"href":"https:\/\/hist4dem.de\/en\/wp-json\/wp\/v2\/types\/post"}],"author":[{"embeddable":true,"href":"https:\/\/hist4dem.de\/en\/wp-json\/wp\/v2\/users\/3"}],"replies":[{"embeddable":true,"href":"https:\/\/hist4dem.de\/en\/wp-json\/wp\/v2\/comments?post=1093"}],"version-history":[{"count":1,"href":"https:\/\/hist4dem.de\/en\/wp-json\/wp\/v2\/posts\/1093\/revisions"}],"predecessor-version":[{"id":1094,"href":"https:\/\/hist4dem.de\/en\/wp-json\/wp\/v2\/posts\/1093\/revisions\/1094"}],"wp:attachment":[{"href":"https:\/\/hist4dem.de\/en\/wp-json\/wp\/v2\/media?parent=1093"}],"wp:term":[{"taxonomy":"category","embeddable":true,"href":"https:\/\/hist4dem.de\/en\/wp-json\/wp\/v2\/categories?post=1093"},{"taxonomy":"post_tag","embeddable":true,"href":"https:\/\/hist4dem.de\/en\/wp-json\/wp\/v2\/tags?post=1093"}],"curies":[{"name":"wp","href":"https:\/\/api.w.org\/{rel}","templated":true}]}}