{"id":1089,"date":"2026-05-01T07:56:30","date_gmt":"2026-05-01T05:56:30","guid":{"rendered":"https:\/\/hist4dem.de\/?p=1089"},"modified":"2026-05-01T07:56:30","modified_gmt":"2026-05-01T05:56:30","slug":"seminarkurs-gefaehrliche-geschichtsmythen-entstehung-entwicklung-und-aktuelle-relevanz-27-mai-2026-eisenach","status":"publish","type":"post","link":"https:\/\/hist4dem.de\/en\/seminarkurs-gefaehrliche-geschichtsmythen-entstehung-entwicklung-und-aktuelle-relevanz-27-mai-2026-eisenach\/","title":{"rendered":"Seminarkurs \"Gef\u00e4hrliche Geschichtsmythen. Entstehung, Entwicklung und aktuelle Relevanz\" | 27. Mai 2026, Eisenach"},"content":{"rendered":"<p><a href=\"https:\/\/www.vhs-wartburgkreis.de\/programm\/politik-gesellschaft-umwelt\/kurs\/Gefaehrliche-Geschichtsmythen-Entstehung-Entwicklung-und-aktuelle-Relevanz\/26FEA10105\">https:\/\/www.vhs-wartburgkreis.de\/programm\/politik-gesellschaft-umwelt\/kurs\/Gefaehrliche-Geschichtsmythen-Entstehung-Entwicklung-und-aktuelle-Relevanz\/26FEA10105<\/a><\/p>\n<p>&nbsp;<\/p>\n<p><span data-olk-copy-source=\"MessageBody\">Referent: Michael Weise, VHS Wartburgkreis, Schmelzerstra\u00dfe 19, 99817 Eisenach<\/span><\/p>\n<p>Im Kurs werden Geschichtsmythen aus historisch-kritischer Perspektive analysiert und zur modernen Gegenwartsorientierung gedeutet. Das Angebot soll anhand ausgew\u00e4hlter Beispiele wie dem antisemitischen Mythos von der j\u00fcdischen Weltverschw\u00f6rung, der Dolchsto\u00dflegende und dem Konstrukt der Konservativen Revolution nachzeichnen, wann unter welchen Voraussetzungen wirkm\u00e4chtige Geschichtsmythen entstehen k\u00f6nnen, wer f\u00fcr den Erfolg ihrer Verbreitung verantwortlich ist und wie man diesen didaktisch entgegentreten kann.<\/p>\n","protected":false},"excerpt":{"rendered":"<p>https:\/\/www.vhs-wartburgkreis.de\/programm\/politik-gesellschaft-umwelt\/kurs\/Gefaehrliche-Geschichtsmythen-Entstehung-Entwicklung-und-aktuelle-Relevanz\/26FEA10105 &nbsp; Referent: Michael Weise, VHS Wartburgkreis, Schmelzerstra\u00dfe 19, 99817 Eisenach Im Kurs werden Geschichtsmythen aus historisch-kritischer Perspektive analysiert und zur modernen Gegenwartsorientierung gedeutet. Das Angebot soll anhand ausgew\u00e4hlter Beispiele wie dem antisemitischen Mythos von der j\u00fcdischen Weltverschw\u00f6rung, der Dolchsto\u00dflegende und dem Konstrukt der Konservativen Revolution nachzeichnen, wann unter welchen Voraussetzungen wirkm\u00e4chtige Geschichtsmythen entstehen k\u00f6nnen, [&hellip;]<\/p>\n","protected":false},"author":3,"featured_media":0,"comment_status":"closed","ping_status":"open","sticky":false,"template":"","format":"standard","meta":{"footnotes":""},"categories":[12,11,40],"tags":[],"class_list":["post-1089","post","type-post","status-publish","format-standard","hentry","category-aktionen","category-aktuelles","category-geschichtsmythen"],"_links":{"self":[{"href":"https:\/\/hist4dem.de\/en\/wp-json\/wp\/v2\/posts\/1089","targetHints":{"allow":["GET"]}}],"collection":[{"href":"https:\/\/hist4dem.de\/en\/wp-json\/wp\/v2\/posts"}],"about":[{"href":"https:\/\/hist4dem.de\/en\/wp-json\/wp\/v2\/types\/post"}],"author":[{"embeddable":true,"href":"https:\/\/hist4dem.de\/en\/wp-json\/wp\/v2\/users\/3"}],"replies":[{"embeddable":true,"href":"https:\/\/hist4dem.de\/en\/wp-json\/wp\/v2\/comments?post=1089"}],"version-history":[{"count":1,"href":"https:\/\/hist4dem.de\/en\/wp-json\/wp\/v2\/posts\/1089\/revisions"}],"predecessor-version":[{"id":1090,"href":"https:\/\/hist4dem.de\/en\/wp-json\/wp\/v2\/posts\/1089\/revisions\/1090"}],"wp:attachment":[{"href":"https:\/\/hist4dem.de\/en\/wp-json\/wp\/v2\/media?parent=1089"}],"wp:term":[{"taxonomy":"category","embeddable":true,"href":"https:\/\/hist4dem.de\/en\/wp-json\/wp\/v2\/categories?post=1089"},{"taxonomy":"post_tag","embeddable":true,"href":"https:\/\/hist4dem.de\/en\/wp-json\/wp\/v2\/tags?post=1089"}],"curies":[{"name":"wp","href":"https:\/\/api.w.org\/{rel}","templated":true}]}}